{"id":10930,"date":"2025-09-18T12:23:00","date_gmt":"2025-09-18T10:23:00","guid":{"rendered":"https:\/\/www.camping-la-garangeoire.com\/actualites\/ouverture-des-reservations-2025\/"},"modified":"2025-10-14T12:58:35","modified_gmt":"2025-10-14T10:58:35","slug":"ouverture-des-reservations-2025","status":"publish","type":"blog","link":"https:\/\/www.camping-la-garangeoire.com\/de\/actualites\/ouverture-des-reservations-2025\/","title":{"rendered":"\u00d6ffnung der Reservierungen 2026"},"content":{"rendered":"\n<div class=\"wp-block-columns\">\n<div class=\"wp-block-column\">\n<p><strong><mark style=\"background-color:rgba(0, 0, 0, 0)\" class=\"has-inline-color has-rouge-color\">Wir freuen uns, Ihnen mitteilen zu k\u00f6nnen, dass Reservierungen f\u00fcr die n\u00e4chste Saison jetzt m\u00f6glich sind!<\/mark><\/strong><\/p>\n\n\n\n<p>Ob Campingplatz (mit oder ohne eigene Sanit\u00e4ranlagen), Mobilheim, Chalet oder Lodge-Zelt\u2026 bei La Garangeoire findet jeder sein pers\u00f6nliches Urlaubsparadies. Und bald werden spannende Neuigkeiten enth\u00fcllt\u2026<\/p>\n\n\n\n<p>Je fr\u00fcher Sie buchen, desto mehr Auswahl haben Sie\u2026 und vor allem: der beste Preis ist garantiert! Dank unserer grossen Flexibilit\u00e4t passt sich Ihr Urlaub zudem Ihrem eigenen Rhythmus an.<\/p>\n\n\n\n<p>Unsicher? Unsere leidenschaftlichen Teammitglieder Jade, Salom\u00e9 und Emelyne beraten Sie gerne und helfen Ihnen, den idealen Aufenthalt zu finden. Kontaktieren Sie sie gerne telefonisch unter <strong><a itemprop=\"telephone\" href=\"tel:+33251466539\">+33 2 51 46 65 39<\/a><\/strong> oder per E-Mail an <strong><a itemprop=\"email\" href=\"mailto:info@garangeoire.com\">info@garangeoire.com<\/a><\/strong>.<\/p>\n\n\n\n<p><strong>Camping-Saison:<\/strong> von Dienstag, 5. Mai bis Sonntag, 13. September 2026<\/p>\n<\/div>\n\n\n\n<div class=\"wp-block-column\">\n<figure class=\"wp-block-image size-large\"><img loading=\"lazy\" width=\"1024\" height=\"1024\" src=\"https:\/\/www.camping-la-garangeoire.com\/wp-content\/uploads\/2025\/08\/Ouverture-7-1024x1024.png\" alt=\"\" class=\"wp-image-13091\" srcset=\"https:\/\/www.camping-la-garangeoire.com\/wp-content\/uploads\/2025\/08\/Ouverture-7-1024x1024.png 1024w, https:\/\/www.camping-la-garangeoire.com\/wp-content\/uploads\/2025\/08\/Ouverture-7-300x300.png 300w, https:\/\/www.camping-la-garangeoire.com\/wp-content\/uploads\/2025\/08\/Ouverture-7-150x150.png 150w, https:\/\/www.camping-la-garangeoire.com\/wp-content\/uploads\/2025\/08\/Ouverture-7-768x768.png 768w, https:\/\/www.camping-la-garangeoire.com\/wp-content\/uploads\/2025\/08\/Ouverture-7-1536x1536.png 1536w, https:\/\/www.camping-la-garangeoire.com\/wp-content\/uploads\/2025\/08\/Ouverture-7.png 1890w\" sizes=\"(max-width: 1024px) 100vw, 1024px\" \/><\/figure>\n<\/div>\n<\/div>\n\n\n\n<p><\/p>\n","protected":false},"template":"","meta":[],"acf":[],"_links":{"self":[{"href":"https:\/\/www.camping-la-garangeoire.com\/de\/wp-json\/wp\/v2\/blog\/10930"}],"collection":[{"href":"https:\/\/www.camping-la-garangeoire.com\/de\/wp-json\/wp\/v2\/blog"}],"about":[{"href":"https:\/\/www.camping-la-garangeoire.com\/de\/wp-json\/wp\/v2\/types\/blog"}],"version-history":[{"count":6,"href":"https:\/\/www.camping-la-garangeoire.com\/de\/wp-json\/wp\/v2\/blog\/10930\/revisions"}],"predecessor-version":[{"id":13096,"href":"https:\/\/www.camping-la-garangeoire.com\/de\/wp-json\/wp\/v2\/blog\/10930\/revisions\/13096"}],"wp:attachment":[{"href":"https:\/\/www.camping-la-garangeoire.com\/de\/wp-json\/wp\/v2\/media?parent=10930"}],"curies":[{"name":"wp","href":"https:\/\/api.w.org\/{rel}","templated":true}]}}